{"id":3205,"date":"2026-04-29T14:02:23","date_gmt":"2026-04-29T12:02:23","guid":{"rendered":"https:\/\/asmiq.io\/kurzes-keyword-fokussiertes-url-handle-21\/"},"modified":"2026-04-29T14:03:47","modified_gmt":"2026-04-29T12:03:47","slug":"identificador-de-url-curto-e-focado-em-palavras-chave-21","status":"publish","type":"post","link":"https:\/\/asmiq.io\/pt\/identificador-de-url-curto-e-focado-em-palavras-chave-21\/","title":{"rendered":"7 raz\u00f5es pelas quais as editoras especializadas precisam de modernizar a sua gest\u00e3o de assinaturas agora"},"content":{"rendered":"<figure><img src='https:\/\/asmiq.io\/wp-content\/uploads\/2026\/04\/7_Grunde_warum_Fachverlage_ihr_Abo-Management_jetzt_modernisieren_mussen.png' alt='Imagem'><figcaption>Imagem: 7 raz\u00f5es pelas quais os editores especializados precisam de modernizar a sua gest\u00e3o de subscri\u00e7\u00f5es agora. Fonte: ASMIQ, ilustra\u00e7\u00e3o pr\u00f3pria<\/figcaption><\/figure>\n<p>Quer se trate de um jornal di\u00e1rio, de uma revista comercial ou de um portal em linha, todos os editores especializados enfrentam o mesmo desafio: processos manuais e desactualizados de subscri\u00e7\u00e3o e fatura\u00e7\u00e3o conduzem a perdas de clientes e a uma utiliza\u00e7\u00e3o ineficaz dos recursos. A press\u00e3o crescente dos modelos de receitas digitais e os requisitos complexos do ciclo de vida dos assinantes tornam essencial uma a\u00e7\u00e3o r\u00e1pida.<\/p>\n<h2>Elevadas taxas de rotatividade e compromisso de recursos<\/h2>\n<p>A perda de assinantes de assinaturas digitais e impressas \u00e9 um problema fundamental. Os editores especializados referem incumprimentos de pagamento, processos de cobran\u00e7a complicados e a perda de leitores valiosos devido a modelos de assinatura inflex\u00edveis. A administra\u00e7\u00e3o manual consome recursos humanos que poderiam ser mais bem utilizados em inova\u00e7\u00f5es editoriais. Os exemplos v\u00e3o desde as revistas comerciais com licen\u00e7as empresariais que n\u00e3o conseguem gerir o acesso de forma din\u00e2mica at\u00e9 aos jornais regionais que n\u00e3o gerem eficazmente os paywalls locais e as assinaturas comunit\u00e1rias.<\/p>\n<h2>A automatiza\u00e7\u00e3o e a flexibilidade s\u00e3o fundamentais<\/h2>\n<p>As solu\u00e7\u00f5es profissionais automatizam a fatura\u00e7\u00e3o recorrente e reduzem os incumprimentos de pagamento atrav\u00e9s de uma gest\u00e3o inteligente das cobran\u00e7as. Modelos de subscri\u00e7\u00e3o flex\u00edveis permitem subscri\u00e7\u00f5es de teste, actualiza\u00e7\u00f5es, pausas ou subscri\u00e7\u00f5es de oferta adaptadas \u00e0s necessidades de diferentes grupos-alvo. A gest\u00e3o de paywalls e o controlo de acesso garantem uma experi\u00eancia de utilizador digital sem problemas, enquanto a gest\u00e3o de entregas e a fatura\u00e7\u00e3o automatizada optimizam a log\u00edstica e a fatura\u00e7\u00e3o da impress\u00e3o.<\/p>\n<h2>Factores de sucesso para uma fideliza\u00e7\u00e3o sustent\u00e1vel dos leitores<\/h2>\n<p>O agrupamento de assinaturas impressas e digitais (assinaturas combinadas) a partir de uma \u00fanica plataforma oferece experi\u00eancias multicanal perfeitas. Os portais self-service refor\u00e7am a fideliza\u00e7\u00e3o dos clientes, permitindo aos assinantes gerir facilmente as altera\u00e7\u00f5es de morada, as interrup\u00e7\u00f5es de f\u00e9rias ou as actualiza\u00e7\u00f5es. A an\u00e1lise em tempo real fornece KPIs de assinantes importantes para decis\u00f5es baseadas em dados. Os sistemas escal\u00e1veis suportam tudo, desde editores locais especializados a grupos de media internacionais.<\/p>\n<blockquote>\n<p><strong>Ganhos r\u00e1pidos para editores especializados<\/strong><br \/>1. automatizar a fatura\u00e7\u00e3o recorrente e reduzir os processos manuais<br \/>2. implementar uma gest\u00e3o flex\u00edvel das cobran\u00e7as para reduzir os incumprimentos de pagamento<br \/>3. oferecer portais de autosservi\u00e7o para aumentar a fideliza\u00e7\u00e3o das subscri\u00e7\u00f5es<br \/>4. utilizar uma plataforma para assinaturas digitais e impressas combinadas sem descontinuidades<\/p>\n<\/blockquote>\n<p>As editoras especializadas que modernizam os seus processos de subscri\u00e7\u00e3o asseguram agora receitas sustent\u00e1veis para os leitores e reduzem a rotatividade. Quer se trate de jornais di\u00e1rios, de editores especializados ou de portais online, os editores que pretendam preparar os seus processos de subscri\u00e7\u00e3o para o futuro encontrar\u00e3o um parceiro para a gest\u00e3o de subscri\u00e7\u00f5es de ponta a ponta em solu\u00e7\u00f5es especializadas como o ASMIQ.<\/p>\n<p>Para saber mais: <a href='https:\/\/asmiq.io target='_blank rel='noopener noreferrer'>asmiq.io<\/a><\/p>","protected":false},"excerpt":{"rendered":"<p>Porque \u00e9 que as editoras especializadas precisam de digitalizar a sua gest\u00e3o de assinaturas agora para reduzir a rotatividade e aumentar as receitas dos leitores.<\/p>","protected":false},"author":5,"featured_media":3204,"comment_status":"open","ping_status":"open","sticky":false,"template":"","format":"standard","meta":{"_yoast_wpseo_focuskw":"Abo-Management Fachverlage","_yoast_wpseo_title":"Abo-Management Fachverlage: 7 Gr\u00fcnde f\u00fcr Modernisierung","_yoast_wpseo_metadesc":"Warum Abo-Management Fachverlage modernisieren m\u00fcssen: Analyse von Herausforderungen, Automatisierung und Leserbindung f\u00fcr nachhaltige Erl\u00f6se.","site-sidebar-layout":"default","site-content-layout":"","ast-site-content-layout":"","site-content-style":"default","site-sidebar-style":"default","ast-global-header-display":"","ast-banner-title-visibility":"","ast-main-header-display":"","ast-hfb-above-header-display":"","ast-hfb-below-header-display":"","ast-hfb-mobile-header-display":"","site-post-title":"","ast-breadcrumbs-content":"","ast-featured-img":"","footer-sml-layout":"","theme-transparent-header-meta":"","adv-header-id-meta":"","stick-header-meta":"","header-above-stick-meta":"","header-main-stick-meta":"","header-below-stick-meta":"","astra-migrate-meta-layouts":"default","ast-page-background-enabled":"default","ast-page-background-meta":{"desktop":{"background-color":"var(--ast-global-color-4)","background-image":"","background-repeat":"repeat","background-position":"center center","background-size":"auto","background-attachment":"scroll","background-type":"","background-media":"","overlay-type":"","overlay-color":"","overlay-opacity":"","overlay-gradient":""},"tablet":{"background-color":"","background-image":"","background-repeat":"repeat","background-position":"center center","background-size":"auto","background-attachment":"scroll","background-type":"","background-media":"","overlay-type":"","overlay-color":"","overlay-opacity":"","overlay-gradient":""},"mobile":{"background-color":"","background-image":"","background-repeat":"repeat","background-position":"center center","background-size":"auto","background-attachment":"scroll","background-type":"","background-media":"","overlay-type":"","overlay-color":"","overlay-opacity":"","overlay-gradient":""}},"ast-content-background-meta":{"desktop":{"background-color":"var(--ast-global-color-5)","background-image":"","background-repeat":"repeat","background-position":"center center","background-size":"auto","background-attachment":"scroll","background-type":"","background-media":"","overlay-type":"","overlay-color":"","overlay-opacity":"","overlay-gradient":""},"tablet":{"background-color":"var(--ast-global-color-5)","background-image":"","background-repeat":"repeat","background-position":"center center","background-size":"auto","background-attachment":"scroll","background-type":"","background-media":"","overlay-type":"","overlay-color":"","overlay-opacity":"","overlay-gradient":""},"mobile":{"background-color":"var(--ast-global-color-5)","background-image":"","background-repeat":"repeat","background-position":"center center","background-size":"auto","background-attachment":"scroll","background-type":"","background-media":"","overlay-type":"","overlay-color":"","overlay-opacity":"","overlay-gradient":""}},"footnotes":""},"categories":[1],"tags":[],"class_list":["post-3205","post","type-post","status-publish","format-standard","has-post-thumbnail","hentry","category-news"],"yoast_head":"<!-- This site is optimized with the Yoast SEO plugin v26.5 - https:\/\/yoast.com\/wordpress\/plugins\/seo\/ -->\n<title>Abo-Management Fachverlage: 7 Gr\u00fcnde f\u00fcr Modernisierung<\/title>\n<meta name=\"description\" content=\"Warum Abo-Management Fachverlage modernisieren m\u00fcssen: Analyse von Herausforderungen, Automatisierung und Leserbindung f\u00fcr nachhaltige Erl\u00f6se.\" \/>\n<meta name=\"robots\" content=\"index, follow, max-snippet:-1, max-image-preview:large, max-video-preview:-1\" \/>\n<link rel=\"canonical\" href=\"https:\/\/asmiq.io\/pt\/identificador-de-url-curto-e-focado-em-palavras-chave-21\/\" \/>\n<meta property=\"og:locale\" content=\"pt_PT\" \/>\n<meta property=\"og:type\" content=\"article\" \/>\n<meta property=\"og:title\" content=\"Abo-Management Fachverlage: 7 Gr\u00fcnde f\u00fcr Modernisierung\" \/>\n<meta property=\"og:description\" content=\"Warum Abo-Management Fachverlage modernisieren m\u00fcssen: Analyse von Herausforderungen, Automatisierung und Leserbindung f\u00fcr nachhaltige Erl\u00f6se.\" \/>\n<meta property=\"og:url\" content=\"https:\/\/asmiq.io\/pt\/identificador-de-url-curto-e-focado-em-palavras-chave-21\/\" \/>\n<meta property=\"og:site_name\" content=\"ASMIQ I\/O\" \/>\n<meta property=\"article:published_time\" content=\"2026-04-29T12:02:23+00:00\" \/>\n<meta property=\"article:modified_time\" content=\"2026-04-29T12:03:47+00:00\" \/>\n<meta property=\"og:image\" content=\"https:\/\/asmiq.io\/wp-content\/uploads\/2026\/04\/7_Grunde_warum_Fachverlage_ihr_Abo-Management_jetzt_modernisieren_mussen.png\" \/>\n\t<meta property=\"og:image:width\" content=\"1024\" \/>\n\t<meta property=\"og:image:height\" content=\"576\" \/>\n\t<meta property=\"og:image:type\" content=\"image\/png\" \/>\n<meta name=\"author\" content=\"n8n\" \/>\n<meta name=\"twitter:card\" content=\"summary_large_image\" \/>\n<meta name=\"twitter:creator\" content=\"@testuser\" \/>\n<script type=\"application\/ld+json\" class=\"yoast-schema-graph\">{\"@context\":\"https:\/\/schema.org\",\"@graph\":[{\"@type\":\"Article\",\"@id\":\"https:\/\/asmiq.io\/kurzes-keyword-fokussiertes-url-handle-21\/#article\",\"isPartOf\":{\"@id\":\"https:\/\/asmiq.io\/kurzes-keyword-fokussiertes-url-handle-21\/\"},\"author\":{\"name\":\"n8n\",\"@id\":\"https:\/\/asmiq.io\/#\/schema\/person\/aaee119f880dbaf5edb1a2a5e95d9604\"},\"headline\":\"7 Gr\u00fcnde warum Fachverlage ihr Abo-Management jetzt modernisieren m\u00fcssen\",\"datePublished\":\"2026-04-29T12:02:23+00:00\",\"dateModified\":\"2026-04-29T12:03:47+00:00\",\"mainEntityOfPage\":{\"@id\":\"https:\/\/asmiq.io\/kurzes-keyword-fokussiertes-url-handle-21\/\"},\"wordCount\":341,\"commentCount\":0,\"publisher\":{\"@id\":\"https:\/\/asmiq.io\/#organization\"},\"image\":{\"@id\":\"https:\/\/asmiq.io\/kurzes-keyword-fokussiertes-url-handle-21\/#primaryimage\"},\"thumbnailUrl\":\"https:\/\/asmiq.io\/wp-content\/uploads\/2026\/04\/7_Grunde_warum_Fachverlage_ihr_Abo-Management_jetzt_modernisieren_mussen.png\",\"articleSection\":[\"News\"],\"inLanguage\":\"pt-PT\",\"potentialAction\":[{\"@type\":\"CommentAction\",\"name\":\"Comment\",\"target\":[\"https:\/\/asmiq.io\/kurzes-keyword-fokussiertes-url-handle-21\/#respond\"]}]},{\"@type\":\"WebPage\",\"@id\":\"https:\/\/asmiq.io\/kurzes-keyword-fokussiertes-url-handle-21\/\",\"url\":\"https:\/\/asmiq.io\/kurzes-keyword-fokussiertes-url-handle-21\/\",\"name\":\"Abo-Management Fachverlage: 7 Gr\u00fcnde f\u00fcr Modernisierung\",\"isPartOf\":{\"@id\":\"https:\/\/asmiq.io\/#website\"},\"primaryImageOfPage\":{\"@id\":\"https:\/\/asmiq.io\/kurzes-keyword-fokussiertes-url-handle-21\/#primaryimage\"},\"image\":{\"@id\":\"https:\/\/asmiq.io\/kurzes-keyword-fokussiertes-url-handle-21\/#primaryimage\"},\"thumbnailUrl\":\"https:\/\/asmiq.io\/wp-content\/uploads\/2026\/04\/7_Grunde_warum_Fachverlage_ihr_Abo-Management_jetzt_modernisieren_mussen.png\",\"datePublished\":\"2026-04-29T12:02:23+00:00\",\"dateModified\":\"2026-04-29T12:03:47+00:00\",\"description\":\"Warum Abo-Management Fachverlage modernisieren m\u00fcssen: Analyse von Herausforderungen, Automatisierung und Leserbindung f\u00fcr nachhaltige Erl\u00f6se.\",\"breadcrumb\":{\"@id\":\"https:\/\/asmiq.io\/kurzes-keyword-fokussiertes-url-handle-21\/#breadcrumb\"},\"inLanguage\":\"pt-PT\",\"potentialAction\":[{\"@type\":\"ReadAction\",\"target\":[\"https:\/\/asmiq.io\/kurzes-keyword-fokussiertes-url-handle-21\/\"]}]},{\"@type\":\"ImageObject\",\"inLanguage\":\"pt-PT\",\"@id\":\"https:\/\/asmiq.io\/kurzes-keyword-fokussiertes-url-handle-21\/#primaryimage\",\"url\":\"https:\/\/asmiq.io\/wp-content\/uploads\/2026\/04\/7_Grunde_warum_Fachverlage_ihr_Abo-Management_jetzt_modernisieren_mussen.png\",\"contentUrl\":\"https:\/\/asmiq.io\/wp-content\/uploads\/2026\/04\/7_Grunde_warum_Fachverlage_ihr_Abo-Management_jetzt_modernisieren_mussen.png\",\"width\":1024,\"height\":576},{\"@type\":\"BreadcrumbList\",\"@id\":\"https:\/\/asmiq.io\/kurzes-keyword-fokussiertes-url-handle-21\/#breadcrumb\",\"itemListElement\":[{\"@type\":\"ListItem\",\"position\":1,\"name\":\"Startseite\",\"item\":\"https:\/\/asmiq.io\/\"},{\"@type\":\"ListItem\",\"position\":2,\"name\":\"7 Gr\u00fcnde warum Fachverlage ihr Abo-Management jetzt modernisieren m\u00fcssen\"}]},{\"@type\":\"WebSite\",\"@id\":\"https:\/\/asmiq.io\/#website\",\"url\":\"https:\/\/asmiq.io\/\",\"name\":\"ASMIQ I\/O\",\"description\":\"\",\"publisher\":{\"@id\":\"https:\/\/asmiq.io\/#organization\"},\"potentialAction\":[{\"@type\":\"SearchAction\",\"target\":{\"@type\":\"EntryPoint\",\"urlTemplate\":\"https:\/\/asmiq.io\/?s={search_term_string}\"},\"query-input\":{\"@type\":\"PropertyValueSpecification\",\"valueRequired\":true,\"valueName\":\"search_term_string\"}}],\"inLanguage\":\"pt-PT\"},{\"@type\":\"Organization\",\"@id\":\"https:\/\/asmiq.io\/#organization\",\"name\":\"ASMIQ I\/O\",\"url\":\"https:\/\/asmiq.io\/\",\"logo\":{\"@type\":\"ImageObject\",\"inLanguage\":\"pt-PT\",\"@id\":\"https:\/\/asmiq.io\/#\/schema\/logo\/image\/\",\"url\":\"https:\/\/asmiq.io\/wp-content\/uploads\/2024\/09\/asmiq_logo_text.svg\",\"contentUrl\":\"https:\/\/asmiq.io\/wp-content\/uploads\/2024\/09\/asmiq_logo_text.svg\",\"width\":942,\"height\":1225,\"caption\":\"ASMIQ I\/O\"},\"image\":{\"@id\":\"https:\/\/asmiq.io\/#\/schema\/logo\/image\/\"},\"sameAs\":[\"https:\/\/www.linkedin.com\/company\/asmiq-io\/posts\/?feedView=all\"]},{\"@type\":\"Person\",\"@id\":\"https:\/\/asmiq.io\/#\/schema\/person\/aaee119f880dbaf5edb1a2a5e95d9604\",\"name\":\"n8n\",\"image\":{\"@type\":\"ImageObject\",\"inLanguage\":\"pt-PT\",\"@id\":\"https:\/\/asmiq.io\/#\/schema\/person\/image\/\",\"url\":\"https:\/\/secure.gravatar.com\/avatar\/73620ab7215a54b074cc226514e02ed65cb79211bbaee1eb49b63b57e58aaad6?s=96&d=mm&r=g\",\"contentUrl\":\"https:\/\/secure.gravatar.com\/avatar\/73620ab7215a54b074cc226514e02ed65cb79211bbaee1eb49b63b57e58aaad6?s=96&d=mm&r=g\",\"caption\":\"n8n\"},\"sameAs\":[\"https:\/\/x.com\/testuser\"]}]}<\/script>\n<!-- \/ Yoast SEO plugin. -->","yoast_head_json":{"title":"Editores especializados em gest\u00e3o de subscri\u00e7\u00f5es: 7 raz\u00f5es para a moderniza\u00e7\u00e3o","description":"Porque \u00e9 que os editores especializados em gest\u00e3o de assinaturas precisam de se modernizar: Analisar os desafios, a automatiza\u00e7\u00e3o e o envolvimento dos leitores para obter receitas sustent\u00e1veis.","robots":{"index":"index","follow":"follow","max-snippet":"max-snippet:-1","max-image-preview":"max-image-preview:large","max-video-preview":"max-video-preview:-1"},"canonical":"https:\/\/asmiq.io\/pt\/identificador-de-url-curto-e-focado-em-palavras-chave-21\/","og_locale":"pt_PT","og_type":"article","og_title":"Abo-Management Fachverlage: 7 Gr\u00fcnde f\u00fcr Modernisierung","og_description":"Warum Abo-Management Fachverlage modernisieren m\u00fcssen: Analyse von Herausforderungen, Automatisierung und Leserbindung f\u00fcr nachhaltige Erl\u00f6se.","og_url":"https:\/\/asmiq.io\/pt\/identificador-de-url-curto-e-focado-em-palavras-chave-21\/","og_site_name":"ASMIQ I\/O","article_published_time":"2026-04-29T12:02:23+00:00","article_modified_time":"2026-04-29T12:03:47+00:00","og_image":[{"width":1024,"height":576,"url":"https:\/\/asmiq.io\/wp-content\/uploads\/2026\/04\/7_Grunde_warum_Fachverlage_ihr_Abo-Management_jetzt_modernisieren_mussen.png","type":"image\/png"}],"author":"n8n","twitter_card":"summary_large_image","twitter_creator":"@testuser","schema":{"@context":"https:\/\/schema.org","@graph":[{"@type":"Article","@id":"https:\/\/asmiq.io\/kurzes-keyword-fokussiertes-url-handle-21\/#article","isPartOf":{"@id":"https:\/\/asmiq.io\/kurzes-keyword-fokussiertes-url-handle-21\/"},"author":{"name":"n8n","@id":"https:\/\/asmiq.io\/#\/schema\/person\/aaee119f880dbaf5edb1a2a5e95d9604"},"headline":"7 Gr\u00fcnde warum Fachverlage ihr Abo-Management jetzt modernisieren m\u00fcssen","datePublished":"2026-04-29T12:02:23+00:00","dateModified":"2026-04-29T12:03:47+00:00","mainEntityOfPage":{"@id":"https:\/\/asmiq.io\/kurzes-keyword-fokussiertes-url-handle-21\/"},"wordCount":341,"commentCount":0,"publisher":{"@id":"https:\/\/asmiq.io\/#organization"},"image":{"@id":"https:\/\/asmiq.io\/kurzes-keyword-fokussiertes-url-handle-21\/#primaryimage"},"thumbnailUrl":"https:\/\/asmiq.io\/wp-content\/uploads\/2026\/04\/7_Grunde_warum_Fachverlage_ihr_Abo-Management_jetzt_modernisieren_mussen.png","articleSection":["News"],"inLanguage":"pt-PT","potentialAction":[{"@type":"CommentAction","name":"Comment","target":["https:\/\/asmiq.io\/kurzes-keyword-fokussiertes-url-handle-21\/#respond"]}]},{"@type":"WebPage","@id":"https:\/\/asmiq.io\/kurzes-keyword-fokussiertes-url-handle-21\/","url":"https:\/\/asmiq.io\/kurzes-keyword-fokussiertes-url-handle-21\/","name":"Editores especializados em gest\u00e3o de subscri\u00e7\u00f5es: 7 raz\u00f5es para a moderniza\u00e7\u00e3o","isPartOf":{"@id":"https:\/\/asmiq.io\/#website"},"primaryImageOfPage":{"@id":"https:\/\/asmiq.io\/kurzes-keyword-fokussiertes-url-handle-21\/#primaryimage"},"image":{"@id":"https:\/\/asmiq.io\/kurzes-keyword-fokussiertes-url-handle-21\/#primaryimage"},"thumbnailUrl":"https:\/\/asmiq.io\/wp-content\/uploads\/2026\/04\/7_Grunde_warum_Fachverlage_ihr_Abo-Management_jetzt_modernisieren_mussen.png","datePublished":"2026-04-29T12:02:23+00:00","dateModified":"2026-04-29T12:03:47+00:00","description":"Porque \u00e9 que os editores especializados em gest\u00e3o de assinaturas precisam de se modernizar: Analisar os desafios, a automatiza\u00e7\u00e3o e o envolvimento dos leitores para obter receitas sustent\u00e1veis.","breadcrumb":{"@id":"https:\/\/asmiq.io\/kurzes-keyword-fokussiertes-url-handle-21\/#breadcrumb"},"inLanguage":"pt-PT","potentialAction":[{"@type":"ReadAction","target":["https:\/\/asmiq.io\/kurzes-keyword-fokussiertes-url-handle-21\/"]}]},{"@type":"ImageObject","inLanguage":"pt-PT","@id":"https:\/\/asmiq.io\/kurzes-keyword-fokussiertes-url-handle-21\/#primaryimage","url":"https:\/\/asmiq.io\/wp-content\/uploads\/2026\/04\/7_Grunde_warum_Fachverlage_ihr_Abo-Management_jetzt_modernisieren_mussen.png","contentUrl":"https:\/\/asmiq.io\/wp-content\/uploads\/2026\/04\/7_Grunde_warum_Fachverlage_ihr_Abo-Management_jetzt_modernisieren_mussen.png","width":1024,"height":576},{"@type":"BreadcrumbList","@id":"https:\/\/asmiq.io\/kurzes-keyword-fokussiertes-url-handle-21\/#breadcrumb","itemListElement":[{"@type":"ListItem","position":1,"name":"Startseite","item":"https:\/\/asmiq.io\/"},{"@type":"ListItem","position":2,"name":"7 Gr\u00fcnde warum Fachverlage ihr Abo-Management jetzt modernisieren m\u00fcssen"}]},{"@type":"WebSite","@id":"https:\/\/asmiq.io\/#website","url":"https:\/\/asmiq.io\/","name":"E\/S ASMIQ","description":"","publisher":{"@id":"https:\/\/asmiq.io\/#organization"},"potentialAction":[{"@type":"SearchAction","target":{"@type":"EntryPoint","urlTemplate":"https:\/\/asmiq.io\/?s={search_term_string}"},"query-input":{"@type":"PropertyValueSpecification","valueRequired":true,"valueName":"search_term_string"}}],"inLanguage":"pt-PT"},{"@type":"Organization","@id":"https:\/\/asmiq.io\/#organization","name":"E\/S ASMIQ","url":"https:\/\/asmiq.io\/","logo":{"@type":"ImageObject","inLanguage":"pt-PT","@id":"https:\/\/asmiq.io\/#\/schema\/logo\/image\/","url":"https:\/\/asmiq.io\/wp-content\/uploads\/2024\/09\/asmiq_logo_text.svg","contentUrl":"https:\/\/asmiq.io\/wp-content\/uploads\/2024\/09\/asmiq_logo_text.svg","width":942,"height":1225,"caption":"ASMIQ I\/O"},"image":{"@id":"https:\/\/asmiq.io\/#\/schema\/logo\/image\/"},"sameAs":["https:\/\/www.linkedin.com\/company\/asmiq-io\/posts\/?feedView=all"]},{"@type":"Person","@id":"https:\/\/asmiq.io\/#\/schema\/person\/aaee119f880dbaf5edb1a2a5e95d9604","name":"n8n","image":{"@type":"ImageObject","inLanguage":"pt-PT","@id":"https:\/\/asmiq.io\/#\/schema\/person\/image\/","url":"https:\/\/secure.gravatar.com\/avatar\/73620ab7215a54b074cc226514e02ed65cb79211bbaee1eb49b63b57e58aaad6?s=96&d=mm&r=g","contentUrl":"https:\/\/secure.gravatar.com\/avatar\/73620ab7215a54b074cc226514e02ed65cb79211bbaee1eb49b63b57e58aaad6?s=96&d=mm&r=g","caption":"n8n"},"sameAs":["https:\/\/x.com\/testuser"]}]}},"_links":{"self":[{"href":"https:\/\/asmiq.io\/pt\/wp-json\/wp\/v2\/posts\/3205","targetHints":{"allow":["GET"]}}],"collection":[{"href":"https:\/\/asmiq.io\/pt\/wp-json\/wp\/v2\/posts"}],"about":[{"href":"https:\/\/asmiq.io\/pt\/wp-json\/wp\/v2\/types\/post"}],"author":[{"embeddable":true,"href":"https:\/\/asmiq.io\/pt\/wp-json\/wp\/v2\/users\/5"}],"replies":[{"embeddable":true,"href":"https:\/\/asmiq.io\/pt\/wp-json\/wp\/v2\/comments?post=3205"}],"version-history":[{"count":1,"href":"https:\/\/asmiq.io\/pt\/wp-json\/wp\/v2\/posts\/3205\/revisions"}],"predecessor-version":[{"id":3206,"href":"https:\/\/asmiq.io\/pt\/wp-json\/wp\/v2\/posts\/3205\/revisions\/3206"}],"wp:featuredmedia":[{"embeddable":true,"href":"https:\/\/asmiq.io\/pt\/wp-json\/wp\/v2\/media\/3204"}],"wp:attachment":[{"href":"https:\/\/asmiq.io\/pt\/wp-json\/wp\/v2\/media?parent=3205"}],"wp:term":[{"taxonomy":"category","embeddable":true,"href":"https:\/\/asmiq.io\/pt\/wp-json\/wp\/v2\/categories?post=3205"},{"taxonomy":"post_tag","embeddable":true,"href":"https:\/\/asmiq.io\/pt\/wp-json\/wp\/v2\/tags?post=3205"}],"curies":[{"name":"wp","href":"https:\/\/api.w.org\/{rel}","templated":true}]}}