{"id":3205,"date":"2026-04-29T14:02:23","date_gmt":"2026-04-29T12:02:23","guid":{"rendered":"https:\/\/asmiq.io\/kurzes-keyword-fokussiertes-url-handle-21\/"},"modified":"2026-04-29T14:03:47","modified_gmt":"2026-04-29T12:03:47","slug":"breve-url-focalizzato-su-parole-chiave-21","status":"publish","type":"post","link":"https:\/\/asmiq.io\/it\/breve-url-focalizzato-su-parole-chiave-21\/","title":{"rendered":"7 motivi per cui gli editori specializzati devono modernizzare subito la gestione degli abbonamenti"},"content":{"rendered":"<figure><img src='https:\/\/asmiq.io\/wp-content\/uploads\/2026\/04\/7_Grunde_warum_Fachverlage_ihr_Abo-Management_jetzt_modernisieren_mussen.png' alt='Immagine'><figcaption>Immagine: 7 motivi per cui gli editori specializzati devono modernizzare subito la gestione degli abbonamenti. Fonte: ASMIQ, illustrazione propria<\/figcaption><\/figure>\n<p>Che si tratti di quotidiani, riviste specializzate o portali online, tutti gli editori specializzati si trovano ad affrontare la stessa sfida: processi di abbonamento e fatturazione manuali e obsoleti causano perdite di clienti e un uso inefficiente delle risorse. La crescente pressione esercitata dai modelli di ricavi digitali e dai complessi requisiti del ciclo di vita degli abbonati rende indispensabile un'azione rapida.<\/p>\n<h2>Alti tassi di abbandono e impegno di risorse<\/h2>\n<p>La perdita di abbonati agli abbonamenti digitali e cartacei \u00e8 un problema fondamentale. Gli editori specializzati segnalano mancati pagamenti, processi di sollecito macchinosi e la perdita di lettori preziosi a causa di modelli di abbonamento poco flessibili. L'amministrazione manuale impegna le capacit\u00e0 del personale che sarebbero meglio utilizzate per le innovazioni editoriali. Gli esempi vanno dalle riviste specializzate con licenze aziendali che non riescono a gestire l'accesso in modo dinamico ai giornali regionali che non riescono a gestire in modo efficiente i paywall locali e gli abbonamenti comunitari.<\/p>\n<h2>Automazione e flessibilit\u00e0 sono fondamentali<\/h2>\n<p>Le soluzioni professionali automatizzano la fatturazione ricorrente e riducono i mancati pagamenti grazie a una gestione intelligente dei solleciti. I modelli di abbonamento flessibili consentono abbonamenti di prova, aggiornamenti, interruzioni o abbonamenti regalo su misura per le esigenze di diversi gruppi target. La gestione dei paywall e il controllo degli accessi garantiscono un'esperienza digitale fluida per gli utenti, mentre la gestione delle consegne e la fatturazione automatica ottimizzano la logistica della stampa e la fatturazione.<\/p>\n<h2>Fattori di successo per una fidelizzazione sostenibile dei lettori<\/h2>\n<p>Il raggruppamento di abbonamenti cartacei e digitali (abbonamenti combinati) da un'unica piattaforma offre esperienze cross-canale senza soluzione di continuit\u00e0. I portali self-service rafforzano la fedelt\u00e0 dei clienti consentendo agli abbonati di gestire facilmente i cambi di indirizzo, le interruzioni delle vacanze o gli aggiornamenti. Le analisi in tempo reale forniscono importanti KPI per gli abbonati per prendere decisioni basate sui dati. I sistemi scalabili supportano tutti, dagli editori locali specializzati ai gruppi mediatici internazionali.<\/p>\n<blockquote>\n<p><strong>Vittorie rapide per gli editori specializzati<\/strong><br \/>1. automatizzare la fatturazione ricorrente e ridurre i processi manuali<br \/>2. implementare una gestione flessibile del sollecito per ridurre le inadempienze di pagamento<br \/>3. offrire portali self-service per aumentare la fedelt\u00e0 agli abbonamenti.<br \/>4. utilizzare una piattaforma per abbonamenti combinati alla stampa e al digitale senza soluzione di continuit\u00e0<\/p>\n<\/blockquote>\n<p>Gli editori specializzati che modernizzano i loro processi di abbonamento ora si assicurano entrate sostenibili dai lettori e riducono il churn. Che si tratti di quotidiani, case editrici specializzate o portali online, gli editori che vogliono rendere i loro processi di abbonamento a prova di futuro troveranno un partner per la gestione degli abbonamenti end-to-end in soluzioni specializzate come ASMIQ.<\/p>\n<p>Per saperne di pi\u00f9: <a href='https:\/\/asmiq.io target='_blank rel='noopener noreferrer'>asmiq.io<\/a><\/p>","protected":false},"excerpt":{"rendered":"<p>Perch\u00e9 le case editrici specializzate devono digitalizzare la gestione degli abbonamenti per ridurre la dispersione e aumentare le entrate dei lettori.<\/p>","protected":false},"author":5,"featured_media":3204,"comment_status":"open","ping_status":"open","sticky":false,"template":"","format":"standard","meta":{"_yoast_wpseo_focuskw":"Abo-Management Fachverlage","_yoast_wpseo_title":"Abo-Management Fachverlage: 7 Gr\u00fcnde f\u00fcr Modernisierung","_yoast_wpseo_metadesc":"Warum Abo-Management Fachverlage modernisieren m\u00fcssen: Analyse von Herausforderungen, Automatisierung und Leserbindung f\u00fcr nachhaltige Erl\u00f6se.","site-sidebar-layout":"default","site-content-layout":"","ast-site-content-layout":"","site-content-style":"default","site-sidebar-style":"default","ast-global-header-display":"","ast-banner-title-visibility":"","ast-main-header-display":"","ast-hfb-above-header-display":"","ast-hfb-below-header-display":"","ast-hfb-mobile-header-display":"","site-post-title":"","ast-breadcrumbs-content":"","ast-featured-img":"","footer-sml-layout":"","theme-transparent-header-meta":"","adv-header-id-meta":"","stick-header-meta":"","header-above-stick-meta":"","header-main-stick-meta":"","header-below-stick-meta":"","astra-migrate-meta-layouts":"default","ast-page-background-enabled":"default","ast-page-background-meta":{"desktop":{"background-color":"var(--ast-global-color-4)","background-image":"","background-repeat":"repeat","background-position":"center center","background-size":"auto","background-attachment":"scroll","background-type":"","background-media":"","overlay-type":"","overlay-color":"","overlay-opacity":"","overlay-gradient":""},"tablet":{"background-color":"","background-image":"","background-repeat":"repeat","background-position":"center center","background-size":"auto","background-attachment":"scroll","background-type":"","background-media":"","overlay-type":"","overlay-color":"","overlay-opacity":"","overlay-gradient":""},"mobile":{"background-color":"","background-image":"","background-repeat":"repeat","background-position":"center center","background-size":"auto","background-attachment":"scroll","background-type":"","background-media":"","overlay-type":"","overlay-color":"","overlay-opacity":"","overlay-gradient":""}},"ast-content-background-meta":{"desktop":{"background-color":"var(--ast-global-color-5)","background-image":"","background-repeat":"repeat","background-position":"center center","background-size":"auto","background-attachment":"scroll","background-type":"","background-media":"","overlay-type":"","overlay-color":"","overlay-opacity":"","overlay-gradient":""},"tablet":{"background-color":"var(--ast-global-color-5)","background-image":"","background-repeat":"repeat","background-position":"center center","background-size":"auto","background-attachment":"scroll","background-type":"","background-media":"","overlay-type":"","overlay-color":"","overlay-opacity":"","overlay-gradient":""},"mobile":{"background-color":"var(--ast-global-color-5)","background-image":"","background-repeat":"repeat","background-position":"center center","background-size":"auto","background-attachment":"scroll","background-type":"","background-media":"","overlay-type":"","overlay-color":"","overlay-opacity":"","overlay-gradient":""}},"footnotes":""},"categories":[1],"tags":[],"class_list":["post-3205","post","type-post","status-publish","format-standard","has-post-thumbnail","hentry","category-news"],"yoast_head":"<!-- This site is optimized with the Yoast SEO plugin v26.5 - https:\/\/yoast.com\/wordpress\/plugins\/seo\/ -->\n<title>Abo-Management Fachverlage: 7 Gr\u00fcnde f\u00fcr Modernisierung<\/title>\n<meta name=\"description\" content=\"Warum Abo-Management Fachverlage modernisieren m\u00fcssen: Analyse von Herausforderungen, Automatisierung und Leserbindung f\u00fcr nachhaltige Erl\u00f6se.\" \/>\n<meta name=\"robots\" content=\"index, follow, max-snippet:-1, max-image-preview:large, max-video-preview:-1\" \/>\n<link rel=\"canonical\" href=\"https:\/\/asmiq.io\/it\/breve-url-focalizzato-su-parole-chiave-21\/\" \/>\n<meta property=\"og:locale\" content=\"it_IT\" \/>\n<meta property=\"og:type\" content=\"article\" \/>\n<meta property=\"og:title\" content=\"Abo-Management Fachverlage: 7 Gr\u00fcnde f\u00fcr Modernisierung\" \/>\n<meta property=\"og:description\" content=\"Warum Abo-Management Fachverlage modernisieren m\u00fcssen: Analyse von Herausforderungen, Automatisierung und Leserbindung f\u00fcr nachhaltige Erl\u00f6se.\" \/>\n<meta property=\"og:url\" content=\"https:\/\/asmiq.io\/it\/breve-url-focalizzato-su-parole-chiave-21\/\" \/>\n<meta property=\"og:site_name\" content=\"ASMIQ I\/O\" \/>\n<meta property=\"article:published_time\" content=\"2026-04-29T12:02:23+00:00\" \/>\n<meta property=\"article:modified_time\" content=\"2026-04-29T12:03:47+00:00\" \/>\n<meta property=\"og:image\" content=\"https:\/\/asmiq.io\/wp-content\/uploads\/2026\/04\/7_Grunde_warum_Fachverlage_ihr_Abo-Management_jetzt_modernisieren_mussen.png\" \/>\n\t<meta property=\"og:image:width\" content=\"1024\" \/>\n\t<meta property=\"og:image:height\" content=\"576\" \/>\n\t<meta property=\"og:image:type\" content=\"image\/png\" \/>\n<meta name=\"author\" content=\"n8n\" \/>\n<meta name=\"twitter:card\" content=\"summary_large_image\" \/>\n<meta name=\"twitter:creator\" content=\"@testuser\" \/>\n<script type=\"application\/ld+json\" class=\"yoast-schema-graph\">{\"@context\":\"https:\/\/schema.org\",\"@graph\":[{\"@type\":\"Article\",\"@id\":\"https:\/\/asmiq.io\/kurzes-keyword-fokussiertes-url-handle-21\/#article\",\"isPartOf\":{\"@id\":\"https:\/\/asmiq.io\/kurzes-keyword-fokussiertes-url-handle-21\/\"},\"author\":{\"name\":\"n8n\",\"@id\":\"https:\/\/asmiq.io\/#\/schema\/person\/aaee119f880dbaf5edb1a2a5e95d9604\"},\"headline\":\"7 Gr\u00fcnde warum Fachverlage ihr Abo-Management jetzt modernisieren m\u00fcssen\",\"datePublished\":\"2026-04-29T12:02:23+00:00\",\"dateModified\":\"2026-04-29T12:03:47+00:00\",\"mainEntityOfPage\":{\"@id\":\"https:\/\/asmiq.io\/kurzes-keyword-fokussiertes-url-handle-21\/\"},\"wordCount\":341,\"commentCount\":0,\"publisher\":{\"@id\":\"https:\/\/asmiq.io\/#organization\"},\"image\":{\"@id\":\"https:\/\/asmiq.io\/kurzes-keyword-fokussiertes-url-handle-21\/#primaryimage\"},\"thumbnailUrl\":\"https:\/\/asmiq.io\/wp-content\/uploads\/2026\/04\/7_Grunde_warum_Fachverlage_ihr_Abo-Management_jetzt_modernisieren_mussen.png\",\"articleSection\":[\"News\"],\"inLanguage\":\"it-IT\",\"potentialAction\":[{\"@type\":\"CommentAction\",\"name\":\"Comment\",\"target\":[\"https:\/\/asmiq.io\/kurzes-keyword-fokussiertes-url-handle-21\/#respond\"]}]},{\"@type\":\"WebPage\",\"@id\":\"https:\/\/asmiq.io\/kurzes-keyword-fokussiertes-url-handle-21\/\",\"url\":\"https:\/\/asmiq.io\/kurzes-keyword-fokussiertes-url-handle-21\/\",\"name\":\"Abo-Management Fachverlage: 7 Gr\u00fcnde f\u00fcr Modernisierung\",\"isPartOf\":{\"@id\":\"https:\/\/asmiq.io\/#website\"},\"primaryImageOfPage\":{\"@id\":\"https:\/\/asmiq.io\/kurzes-keyword-fokussiertes-url-handle-21\/#primaryimage\"},\"image\":{\"@id\":\"https:\/\/asmiq.io\/kurzes-keyword-fokussiertes-url-handle-21\/#primaryimage\"},\"thumbnailUrl\":\"https:\/\/asmiq.io\/wp-content\/uploads\/2026\/04\/7_Grunde_warum_Fachverlage_ihr_Abo-Management_jetzt_modernisieren_mussen.png\",\"datePublished\":\"2026-04-29T12:02:23+00:00\",\"dateModified\":\"2026-04-29T12:03:47+00:00\",\"description\":\"Warum Abo-Management Fachverlage modernisieren m\u00fcssen: Analyse von Herausforderungen, Automatisierung und Leserbindung f\u00fcr nachhaltige Erl\u00f6se.\",\"breadcrumb\":{\"@id\":\"https:\/\/asmiq.io\/kurzes-keyword-fokussiertes-url-handle-21\/#breadcrumb\"},\"inLanguage\":\"it-IT\",\"potentialAction\":[{\"@type\":\"ReadAction\",\"target\":[\"https:\/\/asmiq.io\/kurzes-keyword-fokussiertes-url-handle-21\/\"]}]},{\"@type\":\"ImageObject\",\"inLanguage\":\"it-IT\",\"@id\":\"https:\/\/asmiq.io\/kurzes-keyword-fokussiertes-url-handle-21\/#primaryimage\",\"url\":\"https:\/\/asmiq.io\/wp-content\/uploads\/2026\/04\/7_Grunde_warum_Fachverlage_ihr_Abo-Management_jetzt_modernisieren_mussen.png\",\"contentUrl\":\"https:\/\/asmiq.io\/wp-content\/uploads\/2026\/04\/7_Grunde_warum_Fachverlage_ihr_Abo-Management_jetzt_modernisieren_mussen.png\",\"width\":1024,\"height\":576},{\"@type\":\"BreadcrumbList\",\"@id\":\"https:\/\/asmiq.io\/kurzes-keyword-fokussiertes-url-handle-21\/#breadcrumb\",\"itemListElement\":[{\"@type\":\"ListItem\",\"position\":1,\"name\":\"Startseite\",\"item\":\"https:\/\/asmiq.io\/\"},{\"@type\":\"ListItem\",\"position\":2,\"name\":\"7 Gr\u00fcnde warum Fachverlage ihr Abo-Management jetzt modernisieren m\u00fcssen\"}]},{\"@type\":\"WebSite\",\"@id\":\"https:\/\/asmiq.io\/#website\",\"url\":\"https:\/\/asmiq.io\/\",\"name\":\"ASMIQ I\/O\",\"description\":\"\",\"publisher\":{\"@id\":\"https:\/\/asmiq.io\/#organization\"},\"potentialAction\":[{\"@type\":\"SearchAction\",\"target\":{\"@type\":\"EntryPoint\",\"urlTemplate\":\"https:\/\/asmiq.io\/?s={search_term_string}\"},\"query-input\":{\"@type\":\"PropertyValueSpecification\",\"valueRequired\":true,\"valueName\":\"search_term_string\"}}],\"inLanguage\":\"it-IT\"},{\"@type\":\"Organization\",\"@id\":\"https:\/\/asmiq.io\/#organization\",\"name\":\"ASMIQ I\/O\",\"url\":\"https:\/\/asmiq.io\/\",\"logo\":{\"@type\":\"ImageObject\",\"inLanguage\":\"it-IT\",\"@id\":\"https:\/\/asmiq.io\/#\/schema\/logo\/image\/\",\"url\":\"https:\/\/asmiq.io\/wp-content\/uploads\/2024\/09\/asmiq_logo_text.svg\",\"contentUrl\":\"https:\/\/asmiq.io\/wp-content\/uploads\/2024\/09\/asmiq_logo_text.svg\",\"width\":942,\"height\":1225,\"caption\":\"ASMIQ I\/O\"},\"image\":{\"@id\":\"https:\/\/asmiq.io\/#\/schema\/logo\/image\/\"},\"sameAs\":[\"https:\/\/www.linkedin.com\/company\/asmiq-io\/posts\/?feedView=all\"]},{\"@type\":\"Person\",\"@id\":\"https:\/\/asmiq.io\/#\/schema\/person\/aaee119f880dbaf5edb1a2a5e95d9604\",\"name\":\"n8n\",\"image\":{\"@type\":\"ImageObject\",\"inLanguage\":\"it-IT\",\"@id\":\"https:\/\/asmiq.io\/#\/schema\/person\/image\/\",\"url\":\"https:\/\/secure.gravatar.com\/avatar\/73620ab7215a54b074cc226514e02ed65cb79211bbaee1eb49b63b57e58aaad6?s=96&d=mm&r=g\",\"contentUrl\":\"https:\/\/secure.gravatar.com\/avatar\/73620ab7215a54b074cc226514e02ed65cb79211bbaee1eb49b63b57e58aaad6?s=96&d=mm&r=g\",\"caption\":\"n8n\"},\"sameAs\":[\"https:\/\/x.com\/testuser\"]}]}<\/script>\n<!-- \/ Yoast SEO plugin. -->","yoast_head_json":{"title":"Editori specializzati nella gestione degli abbonamenti: 7 motivi per modernizzarsi","description":"Perch\u00e9 gli editori specializzati nella gestione degli abbonamenti devono modernizzarsi: Analisi delle sfide, automazione e coinvolgimento dei lettori per ottenere ricavi sostenibili.","robots":{"index":"index","follow":"follow","max-snippet":"max-snippet:-1","max-image-preview":"max-image-preview:large","max-video-preview":"max-video-preview:-1"},"canonical":"https:\/\/asmiq.io\/it\/breve-url-focalizzato-su-parole-chiave-21\/","og_locale":"it_IT","og_type":"article","og_title":"Abo-Management Fachverlage: 7 Gr\u00fcnde f\u00fcr Modernisierung","og_description":"Warum Abo-Management Fachverlage modernisieren m\u00fcssen: Analyse von Herausforderungen, Automatisierung und Leserbindung f\u00fcr nachhaltige Erl\u00f6se.","og_url":"https:\/\/asmiq.io\/it\/breve-url-focalizzato-su-parole-chiave-21\/","og_site_name":"ASMIQ I\/O","article_published_time":"2026-04-29T12:02:23+00:00","article_modified_time":"2026-04-29T12:03:47+00:00","og_image":[{"width":1024,"height":576,"url":"https:\/\/asmiq.io\/wp-content\/uploads\/2026\/04\/7_Grunde_warum_Fachverlage_ihr_Abo-Management_jetzt_modernisieren_mussen.png","type":"image\/png"}],"author":"n8n","twitter_card":"summary_large_image","twitter_creator":"@testuser","schema":{"@context":"https:\/\/schema.org","@graph":[{"@type":"Article","@id":"https:\/\/asmiq.io\/kurzes-keyword-fokussiertes-url-handle-21\/#article","isPartOf":{"@id":"https:\/\/asmiq.io\/kurzes-keyword-fokussiertes-url-handle-21\/"},"author":{"name":"n8n","@id":"https:\/\/asmiq.io\/#\/schema\/person\/aaee119f880dbaf5edb1a2a5e95d9604"},"headline":"7 Gr\u00fcnde warum Fachverlage ihr Abo-Management jetzt modernisieren m\u00fcssen","datePublished":"2026-04-29T12:02:23+00:00","dateModified":"2026-04-29T12:03:47+00:00","mainEntityOfPage":{"@id":"https:\/\/asmiq.io\/kurzes-keyword-fokussiertes-url-handle-21\/"},"wordCount":341,"commentCount":0,"publisher":{"@id":"https:\/\/asmiq.io\/#organization"},"image":{"@id":"https:\/\/asmiq.io\/kurzes-keyword-fokussiertes-url-handle-21\/#primaryimage"},"thumbnailUrl":"https:\/\/asmiq.io\/wp-content\/uploads\/2026\/04\/7_Grunde_warum_Fachverlage_ihr_Abo-Management_jetzt_modernisieren_mussen.png","articleSection":["News"],"inLanguage":"it-IT","potentialAction":[{"@type":"CommentAction","name":"Comment","target":["https:\/\/asmiq.io\/kurzes-keyword-fokussiertes-url-handle-21\/#respond"]}]},{"@type":"WebPage","@id":"https:\/\/asmiq.io\/kurzes-keyword-fokussiertes-url-handle-21\/","url":"https:\/\/asmiq.io\/kurzes-keyword-fokussiertes-url-handle-21\/","name":"Editori specializzati nella gestione degli abbonamenti: 7 motivi per modernizzarsi","isPartOf":{"@id":"https:\/\/asmiq.io\/#website"},"primaryImageOfPage":{"@id":"https:\/\/asmiq.io\/kurzes-keyword-fokussiertes-url-handle-21\/#primaryimage"},"image":{"@id":"https:\/\/asmiq.io\/kurzes-keyword-fokussiertes-url-handle-21\/#primaryimage"},"thumbnailUrl":"https:\/\/asmiq.io\/wp-content\/uploads\/2026\/04\/7_Grunde_warum_Fachverlage_ihr_Abo-Management_jetzt_modernisieren_mussen.png","datePublished":"2026-04-29T12:02:23+00:00","dateModified":"2026-04-29T12:03:47+00:00","description":"Perch\u00e9 gli editori specializzati nella gestione degli abbonamenti devono modernizzarsi: Analisi delle sfide, automazione e coinvolgimento dei lettori per ottenere ricavi sostenibili.","breadcrumb":{"@id":"https:\/\/asmiq.io\/kurzes-keyword-fokussiertes-url-handle-21\/#breadcrumb"},"inLanguage":"it-IT","potentialAction":[{"@type":"ReadAction","target":["https:\/\/asmiq.io\/kurzes-keyword-fokussiertes-url-handle-21\/"]}]},{"@type":"ImageObject","inLanguage":"it-IT","@id":"https:\/\/asmiq.io\/kurzes-keyword-fokussiertes-url-handle-21\/#primaryimage","url":"https:\/\/asmiq.io\/wp-content\/uploads\/2026\/04\/7_Grunde_warum_Fachverlage_ihr_Abo-Management_jetzt_modernisieren_mussen.png","contentUrl":"https:\/\/asmiq.io\/wp-content\/uploads\/2026\/04\/7_Grunde_warum_Fachverlage_ihr_Abo-Management_jetzt_modernisieren_mussen.png","width":1024,"height":576},{"@type":"BreadcrumbList","@id":"https:\/\/asmiq.io\/kurzes-keyword-fokussiertes-url-handle-21\/#breadcrumb","itemListElement":[{"@type":"ListItem","position":1,"name":"Startseite","item":"https:\/\/asmiq.io\/"},{"@type":"ListItem","position":2,"name":"7 Gr\u00fcnde warum Fachverlage ihr Abo-Management jetzt modernisieren m\u00fcssen"}]},{"@type":"WebSite","@id":"https:\/\/asmiq.io\/#website","url":"https:\/\/asmiq.io\/","name":"ASMIQ I\/O","description":"","publisher":{"@id":"https:\/\/asmiq.io\/#organization"},"potentialAction":[{"@type":"SearchAction","target":{"@type":"EntryPoint","urlTemplate":"https:\/\/asmiq.io\/?s={search_term_string}"},"query-input":{"@type":"PropertyValueSpecification","valueRequired":true,"valueName":"search_term_string"}}],"inLanguage":"it-IT"},{"@type":"Organization","@id":"https:\/\/asmiq.io\/#organization","name":"ASMIQ I\/O","url":"https:\/\/asmiq.io\/","logo":{"@type":"ImageObject","inLanguage":"it-IT","@id":"https:\/\/asmiq.io\/#\/schema\/logo\/image\/","url":"https:\/\/asmiq.io\/wp-content\/uploads\/2024\/09\/asmiq_logo_text.svg","contentUrl":"https:\/\/asmiq.io\/wp-content\/uploads\/2024\/09\/asmiq_logo_text.svg","width":942,"height":1225,"caption":"ASMIQ I\/O"},"image":{"@id":"https:\/\/asmiq.io\/#\/schema\/logo\/image\/"},"sameAs":["https:\/\/www.linkedin.com\/company\/asmiq-io\/posts\/?feedView=all"]},{"@type":"Person","@id":"https:\/\/asmiq.io\/#\/schema\/person\/aaee119f880dbaf5edb1a2a5e95d9604","name":"n8n","image":{"@type":"ImageObject","inLanguage":"it-IT","@id":"https:\/\/asmiq.io\/#\/schema\/person\/image\/","url":"https:\/\/secure.gravatar.com\/avatar\/73620ab7215a54b074cc226514e02ed65cb79211bbaee1eb49b63b57e58aaad6?s=96&d=mm&r=g","contentUrl":"https:\/\/secure.gravatar.com\/avatar\/73620ab7215a54b074cc226514e02ed65cb79211bbaee1eb49b63b57e58aaad6?s=96&d=mm&r=g","caption":"n8n"},"sameAs":["https:\/\/x.com\/testuser"]}]}},"_links":{"self":[{"href":"https:\/\/asmiq.io\/it\/wp-json\/wp\/v2\/posts\/3205","targetHints":{"allow":["GET"]}}],"collection":[{"href":"https:\/\/asmiq.io\/it\/wp-json\/wp\/v2\/posts"}],"about":[{"href":"https:\/\/asmiq.io\/it\/wp-json\/wp\/v2\/types\/post"}],"author":[{"embeddable":true,"href":"https:\/\/asmiq.io\/it\/wp-json\/wp\/v2\/users\/5"}],"replies":[{"embeddable":true,"href":"https:\/\/asmiq.io\/it\/wp-json\/wp\/v2\/comments?post=3205"}],"version-history":[{"count":1,"href":"https:\/\/asmiq.io\/it\/wp-json\/wp\/v2\/posts\/3205\/revisions"}],"predecessor-version":[{"id":3206,"href":"https:\/\/asmiq.io\/it\/wp-json\/wp\/v2\/posts\/3205\/revisions\/3206"}],"wp:featuredmedia":[{"embeddable":true,"href":"https:\/\/asmiq.io\/it\/wp-json\/wp\/v2\/media\/3204"}],"wp:attachment":[{"href":"https:\/\/asmiq.io\/it\/wp-json\/wp\/v2\/media?parent=3205"}],"wp:term":[{"taxonomy":"category","embeddable":true,"href":"https:\/\/asmiq.io\/it\/wp-json\/wp\/v2\/categories?post=3205"},{"taxonomy":"post_tag","embeddable":true,"href":"https:\/\/asmiq.io\/it\/wp-json\/wp\/v2\/tags?post=3205"}],"curies":[{"name":"wp","href":"https:\/\/api.w.org\/{rel}","templated":true}]}}