{"id":3205,"date":"2026-04-29T14:02:23","date_gmt":"2026-04-29T12:02:23","guid":{"rendered":"https:\/\/asmiq.io\/kurzes-keyword-fokussiertes-url-handle-21\/"},"modified":"2026-04-29T14:03:47","modified_gmt":"2026-04-29T12:03:47","slug":"url-corta-centrada-en-palabras-clave-21","status":"publish","type":"post","link":"https:\/\/asmiq.io\/es\/url-corta-centrada-en-palabras-clave-21\/","title":{"rendered":"7 razones por las que los editores especializados deben modernizar ya su gesti\u00f3n de suscripciones"},"content":{"rendered":"<figure><img src='https:\/\/asmiq.io\/wp-content\/uploads\/2026\/04\/7_Grunde_warum_Fachverlage_ihr_Abo-Management_jetzt_modernisieren_mussen.png' alt='Fotograf\u00eda'><figcaption>Imagen: 7 razones por las que los editores especializados deben modernizar ya su gesti\u00f3n de suscripciones. Fuente: ASMIQ, ilustraci\u00f3n propia<\/figcaption><\/figure>\n<p>Ya sea un peri\u00f3dico, una revista especializada o un portal en l\u00ednea, todos los editores especializados se enfrentan al mismo reto: los procesos manuales y obsoletos de suscripci\u00f3n y facturaci\u00f3n provocan p\u00e9rdidas de clientes y un uso ineficiente de los recursos. La creciente presi\u00f3n de los modelos de ingresos digitales y los complejos requisitos del ciclo de vida del suscriptor hacen que sea esencial actuar con rapidez.<\/p>\n<h2>Elevados \u00edndices de rotaci\u00f3n y compromiso de recursos<\/h2>\n<p>La p\u00e9rdida de abonados a las suscripciones digitales e impresas es un problema clave. Los editores especializados denuncian impagos, procesos de reclamaci\u00f3n engorrosos y la p\u00e9rdida de lectores valiosos debido a modelos de suscripci\u00f3n inflexibles. La administraci\u00f3n manual absorbe personal que podr\u00eda dedicarse mejor a innovaciones editoriales. Los ejemplos van desde las revistas especializadas con licencias corporativas que no pueden gestionar el acceso de forma din\u00e1mica hasta los peri\u00f3dicos regionales que no gestionan eficazmente los paywalls locales y las suscripciones comunitarias.<\/p>\n<h2>La automatizaci\u00f3n y la flexibilidad son claves<\/h2>\n<p>Las soluciones profesionales automatizan la facturaci\u00f3n recurrente y reducen los impagos mediante una gesti\u00f3n inteligente de las reclamaciones. Los modelos de suscripci\u00f3n flexibles permiten suscripciones de prueba, actualizaciones, pausas o suscripciones de regalo adaptadas a las necesidades de los distintos grupos destinatarios. La gesti\u00f3n de muros de pago y el control de acceso garantizan una experiencia de usuario digital fluida, mientras que la gesti\u00f3n de entregas y la facturaci\u00f3n automatizada optimizan la log\u00edstica de impresi\u00f3n y la facturaci\u00f3n.<\/p>\n<h2>Factores de \u00e9xito para fidelizar a los lectores<\/h2>\n<p>La agrupaci\u00f3n de suscripciones impresas y digitales (suscripciones combinadas) desde una \u00fanica plataforma ofrece experiencias multicanal sin fisuras. Los portales de autoservicio refuerzan la fidelidad del cliente al permitir a los suscriptores gestionar f\u00e1cilmente los cambios de direcci\u00f3n, las interrupciones por vacaciones o las actualizaciones. Los an\u00e1lisis en tiempo real proporcionan importantes indicadores clave de los abonados para tomar decisiones basadas en datos. Los sistemas escalables admiten desde editores locales especializados hasta grupos de medios internacionales.<\/p>\n<blockquote>\n<p><strong>Ganancias r\u00e1pidas para los editores especializados<\/strong><br \/>1. automatizar la facturaci\u00f3n peri\u00f3dica y reducir los procesos manuales<br \/>2. aplicar una gesti\u00f3n flexible de las reclamaciones para reducir los impagos<br \/>3. ofrecer portales de autoservicio para aumentar la fidelidad de los abonados<br \/>4. utilizar una plataforma para combinar sin fisuras las suscripciones impresas y digitales<\/p>\n<\/blockquote>\n<p>Los editores especializados que modernizan sus procesos de suscripci\u00f3n obtienen ahora ingresos sostenibles de los lectores y reducen la rotaci\u00f3n. Tanto si se trata de diarios como de editoriales especializadas o portales en l\u00ednea, los editores que deseen preparar sus procesos de suscripci\u00f3n para el futuro encontrar\u00e1n un socio para la gesti\u00f3n integral de suscripciones en soluciones especializadas como ASMIQ.<\/p>\n<p>M\u00e1s informaci\u00f3n: <a href='https:\/\/asmiq.io target='_blank rel='noopener noreferrer'>asmiq.io<\/a><\/p>","protected":false},"excerpt":{"rendered":"<p>Por qu\u00e9 los editores especializados deben digitalizar ya su gesti\u00f3n de suscripciones para reducir la rotaci\u00f3n y aumentar los ingresos de los lectores.<\/p>","protected":false},"author":5,"featured_media":3204,"comment_status":"open","ping_status":"open","sticky":false,"template":"","format":"standard","meta":{"_yoast_wpseo_focuskw":"Abo-Management Fachverlage","_yoast_wpseo_title":"Abo-Management Fachverlage: 7 Gr\u00fcnde f\u00fcr Modernisierung","_yoast_wpseo_metadesc":"Warum Abo-Management Fachverlage modernisieren m\u00fcssen: Analyse von Herausforderungen, Automatisierung und Leserbindung f\u00fcr nachhaltige Erl\u00f6se.","site-sidebar-layout":"default","site-content-layout":"","ast-site-content-layout":"","site-content-style":"default","site-sidebar-style":"default","ast-global-header-display":"","ast-banner-title-visibility":"","ast-main-header-display":"","ast-hfb-above-header-display":"","ast-hfb-below-header-display":"","ast-hfb-mobile-header-display":"","site-post-title":"","ast-breadcrumbs-content":"","ast-featured-img":"","footer-sml-layout":"","theme-transparent-header-meta":"","adv-header-id-meta":"","stick-header-meta":"","header-above-stick-meta":"","header-main-stick-meta":"","header-below-stick-meta":"","astra-migrate-meta-layouts":"default","ast-page-background-enabled":"default","ast-page-background-meta":{"desktop":{"background-color":"var(--ast-global-color-4)","background-image":"","background-repeat":"repeat","background-position":"center center","background-size":"auto","background-attachment":"scroll","background-type":"","background-media":"","overlay-type":"","overlay-color":"","overlay-opacity":"","overlay-gradient":""},"tablet":{"background-color":"","background-image":"","background-repeat":"repeat","background-position":"center center","background-size":"auto","background-attachment":"scroll","background-type":"","background-media":"","overlay-type":"","overlay-color":"","overlay-opacity":"","overlay-gradient":""},"mobile":{"background-color":"","background-image":"","background-repeat":"repeat","background-position":"center center","background-size":"auto","background-attachment":"scroll","background-type":"","background-media":"","overlay-type":"","overlay-color":"","overlay-opacity":"","overlay-gradient":""}},"ast-content-background-meta":{"desktop":{"background-color":"var(--ast-global-color-5)","background-image":"","background-repeat":"repeat","background-position":"center center","background-size":"auto","background-attachment":"scroll","background-type":"","background-media":"","overlay-type":"","overlay-color":"","overlay-opacity":"","overlay-gradient":""},"tablet":{"background-color":"var(--ast-global-color-5)","background-image":"","background-repeat":"repeat","background-position":"center center","background-size":"auto","background-attachment":"scroll","background-type":"","background-media":"","overlay-type":"","overlay-color":"","overlay-opacity":"","overlay-gradient":""},"mobile":{"background-color":"var(--ast-global-color-5)","background-image":"","background-repeat":"repeat","background-position":"center center","background-size":"auto","background-attachment":"scroll","background-type":"","background-media":"","overlay-type":"","overlay-color":"","overlay-opacity":"","overlay-gradient":""}},"footnotes":""},"categories":[1],"tags":[],"class_list":["post-3205","post","type-post","status-publish","format-standard","has-post-thumbnail","hentry","category-news"],"yoast_head":"<!-- This site is optimized with the Yoast SEO plugin v26.5 - https:\/\/yoast.com\/wordpress\/plugins\/seo\/ -->\n<title>Abo-Management Fachverlage: 7 Gr\u00fcnde f\u00fcr Modernisierung<\/title>\n<meta name=\"description\" content=\"Warum Abo-Management Fachverlage modernisieren m\u00fcssen: Analyse von Herausforderungen, Automatisierung und Leserbindung f\u00fcr nachhaltige Erl\u00f6se.\" \/>\n<meta name=\"robots\" content=\"index, follow, max-snippet:-1, max-image-preview:large, max-video-preview:-1\" \/>\n<link rel=\"canonical\" href=\"https:\/\/asmiq.io\/es\/url-corta-centrada-en-palabras-clave-21\/\" \/>\n<meta property=\"og:locale\" content=\"es_ES\" \/>\n<meta property=\"og:type\" content=\"article\" \/>\n<meta property=\"og:title\" content=\"Abo-Management Fachverlage: 7 Gr\u00fcnde f\u00fcr Modernisierung\" \/>\n<meta property=\"og:description\" content=\"Warum Abo-Management Fachverlage modernisieren m\u00fcssen: Analyse von Herausforderungen, Automatisierung und Leserbindung f\u00fcr nachhaltige Erl\u00f6se.\" \/>\n<meta property=\"og:url\" content=\"https:\/\/asmiq.io\/es\/url-corta-centrada-en-palabras-clave-21\/\" \/>\n<meta property=\"og:site_name\" content=\"ASMIQ I\/O\" \/>\n<meta property=\"article:published_time\" content=\"2026-04-29T12:02:23+00:00\" \/>\n<meta property=\"article:modified_time\" content=\"2026-04-29T12:03:47+00:00\" \/>\n<meta property=\"og:image\" content=\"https:\/\/asmiq.io\/wp-content\/uploads\/2026\/04\/7_Grunde_warum_Fachverlage_ihr_Abo-Management_jetzt_modernisieren_mussen.png\" \/>\n\t<meta property=\"og:image:width\" content=\"1024\" \/>\n\t<meta property=\"og:image:height\" content=\"576\" \/>\n\t<meta property=\"og:image:type\" content=\"image\/png\" \/>\n<meta name=\"author\" content=\"n8n\" \/>\n<meta name=\"twitter:card\" content=\"summary_large_image\" \/>\n<meta name=\"twitter:creator\" content=\"@testuser\" \/>\n<script type=\"application\/ld+json\" class=\"yoast-schema-graph\">{\"@context\":\"https:\/\/schema.org\",\"@graph\":[{\"@type\":\"Article\",\"@id\":\"https:\/\/asmiq.io\/kurzes-keyword-fokussiertes-url-handle-21\/#article\",\"isPartOf\":{\"@id\":\"https:\/\/asmiq.io\/kurzes-keyword-fokussiertes-url-handle-21\/\"},\"author\":{\"name\":\"n8n\",\"@id\":\"https:\/\/asmiq.io\/#\/schema\/person\/aaee119f880dbaf5edb1a2a5e95d9604\"},\"headline\":\"7 Gr\u00fcnde warum Fachverlage ihr Abo-Management jetzt modernisieren m\u00fcssen\",\"datePublished\":\"2026-04-29T12:02:23+00:00\",\"dateModified\":\"2026-04-29T12:03:47+00:00\",\"mainEntityOfPage\":{\"@id\":\"https:\/\/asmiq.io\/kurzes-keyword-fokussiertes-url-handle-21\/\"},\"wordCount\":341,\"commentCount\":0,\"publisher\":{\"@id\":\"https:\/\/asmiq.io\/#organization\"},\"image\":{\"@id\":\"https:\/\/asmiq.io\/kurzes-keyword-fokussiertes-url-handle-21\/#primaryimage\"},\"thumbnailUrl\":\"https:\/\/asmiq.io\/wp-content\/uploads\/2026\/04\/7_Grunde_warum_Fachverlage_ihr_Abo-Management_jetzt_modernisieren_mussen.png\",\"articleSection\":[\"News\"],\"inLanguage\":\"es\",\"potentialAction\":[{\"@type\":\"CommentAction\",\"name\":\"Comment\",\"target\":[\"https:\/\/asmiq.io\/kurzes-keyword-fokussiertes-url-handle-21\/#respond\"]}]},{\"@type\":\"WebPage\",\"@id\":\"https:\/\/asmiq.io\/kurzes-keyword-fokussiertes-url-handle-21\/\",\"url\":\"https:\/\/asmiq.io\/kurzes-keyword-fokussiertes-url-handle-21\/\",\"name\":\"Abo-Management Fachverlage: 7 Gr\u00fcnde f\u00fcr Modernisierung\",\"isPartOf\":{\"@id\":\"https:\/\/asmiq.io\/#website\"},\"primaryImageOfPage\":{\"@id\":\"https:\/\/asmiq.io\/kurzes-keyword-fokussiertes-url-handle-21\/#primaryimage\"},\"image\":{\"@id\":\"https:\/\/asmiq.io\/kurzes-keyword-fokussiertes-url-handle-21\/#primaryimage\"},\"thumbnailUrl\":\"https:\/\/asmiq.io\/wp-content\/uploads\/2026\/04\/7_Grunde_warum_Fachverlage_ihr_Abo-Management_jetzt_modernisieren_mussen.png\",\"datePublished\":\"2026-04-29T12:02:23+00:00\",\"dateModified\":\"2026-04-29T12:03:47+00:00\",\"description\":\"Warum Abo-Management Fachverlage modernisieren m\u00fcssen: Analyse von Herausforderungen, Automatisierung und Leserbindung f\u00fcr nachhaltige Erl\u00f6se.\",\"breadcrumb\":{\"@id\":\"https:\/\/asmiq.io\/kurzes-keyword-fokussiertes-url-handle-21\/#breadcrumb\"},\"inLanguage\":\"es\",\"potentialAction\":[{\"@type\":\"ReadAction\",\"target\":[\"https:\/\/asmiq.io\/kurzes-keyword-fokussiertes-url-handle-21\/\"]}]},{\"@type\":\"ImageObject\",\"inLanguage\":\"es\",\"@id\":\"https:\/\/asmiq.io\/kurzes-keyword-fokussiertes-url-handle-21\/#primaryimage\",\"url\":\"https:\/\/asmiq.io\/wp-content\/uploads\/2026\/04\/7_Grunde_warum_Fachverlage_ihr_Abo-Management_jetzt_modernisieren_mussen.png\",\"contentUrl\":\"https:\/\/asmiq.io\/wp-content\/uploads\/2026\/04\/7_Grunde_warum_Fachverlage_ihr_Abo-Management_jetzt_modernisieren_mussen.png\",\"width\":1024,\"height\":576},{\"@type\":\"BreadcrumbList\",\"@id\":\"https:\/\/asmiq.io\/kurzes-keyword-fokussiertes-url-handle-21\/#breadcrumb\",\"itemListElement\":[{\"@type\":\"ListItem\",\"position\":1,\"name\":\"Startseite\",\"item\":\"https:\/\/asmiq.io\/\"},{\"@type\":\"ListItem\",\"position\":2,\"name\":\"7 Gr\u00fcnde warum Fachverlage ihr Abo-Management jetzt modernisieren m\u00fcssen\"}]},{\"@type\":\"WebSite\",\"@id\":\"https:\/\/asmiq.io\/#website\",\"url\":\"https:\/\/asmiq.io\/\",\"name\":\"ASMIQ I\/O\",\"description\":\"\",\"publisher\":{\"@id\":\"https:\/\/asmiq.io\/#organization\"},\"potentialAction\":[{\"@type\":\"SearchAction\",\"target\":{\"@type\":\"EntryPoint\",\"urlTemplate\":\"https:\/\/asmiq.io\/?s={search_term_string}\"},\"query-input\":{\"@type\":\"PropertyValueSpecification\",\"valueRequired\":true,\"valueName\":\"search_term_string\"}}],\"inLanguage\":\"es\"},{\"@type\":\"Organization\",\"@id\":\"https:\/\/asmiq.io\/#organization\",\"name\":\"ASMIQ I\/O\",\"url\":\"https:\/\/asmiq.io\/\",\"logo\":{\"@type\":\"ImageObject\",\"inLanguage\":\"es\",\"@id\":\"https:\/\/asmiq.io\/#\/schema\/logo\/image\/\",\"url\":\"https:\/\/asmiq.io\/wp-content\/uploads\/2024\/09\/asmiq_logo_text.svg\",\"contentUrl\":\"https:\/\/asmiq.io\/wp-content\/uploads\/2024\/09\/asmiq_logo_text.svg\",\"width\":942,\"height\":1225,\"caption\":\"ASMIQ I\/O\"},\"image\":{\"@id\":\"https:\/\/asmiq.io\/#\/schema\/logo\/image\/\"},\"sameAs\":[\"https:\/\/www.linkedin.com\/company\/asmiq-io\/posts\/?feedView=all\"]},{\"@type\":\"Person\",\"@id\":\"https:\/\/asmiq.io\/#\/schema\/person\/aaee119f880dbaf5edb1a2a5e95d9604\",\"name\":\"n8n\",\"image\":{\"@type\":\"ImageObject\",\"inLanguage\":\"es\",\"@id\":\"https:\/\/asmiq.io\/#\/schema\/person\/image\/\",\"url\":\"https:\/\/secure.gravatar.com\/avatar\/73620ab7215a54b074cc226514e02ed65cb79211bbaee1eb49b63b57e58aaad6?s=96&d=mm&r=g\",\"contentUrl\":\"https:\/\/secure.gravatar.com\/avatar\/73620ab7215a54b074cc226514e02ed65cb79211bbaee1eb49b63b57e58aaad6?s=96&d=mm&r=g\",\"caption\":\"n8n\"},\"sameAs\":[\"https:\/\/x.com\/testuser\"]}]}<\/script>\n<!-- \/ Yoast SEO plugin. -->","yoast_head_json":{"title":"Editores especializados en gesti\u00f3n de suscripciones: 7 razones para modernizarse","description":"Por qu\u00e9 los editores especializados en gesti\u00f3n de suscripciones deben modernizarse: Analizar los retos, la automatizaci\u00f3n y el compromiso de los lectores para obtener ingresos sostenibles.","robots":{"index":"index","follow":"follow","max-snippet":"max-snippet:-1","max-image-preview":"max-image-preview:large","max-video-preview":"max-video-preview:-1"},"canonical":"https:\/\/asmiq.io\/es\/url-corta-centrada-en-palabras-clave-21\/","og_locale":"es_ES","og_type":"article","og_title":"Abo-Management Fachverlage: 7 Gr\u00fcnde f\u00fcr Modernisierung","og_description":"Warum Abo-Management Fachverlage modernisieren m\u00fcssen: Analyse von Herausforderungen, Automatisierung und Leserbindung f\u00fcr nachhaltige Erl\u00f6se.","og_url":"https:\/\/asmiq.io\/es\/url-corta-centrada-en-palabras-clave-21\/","og_site_name":"ASMIQ I\/O","article_published_time":"2026-04-29T12:02:23+00:00","article_modified_time":"2026-04-29T12:03:47+00:00","og_image":[{"width":1024,"height":576,"url":"https:\/\/asmiq.io\/wp-content\/uploads\/2026\/04\/7_Grunde_warum_Fachverlage_ihr_Abo-Management_jetzt_modernisieren_mussen.png","type":"image\/png"}],"author":"n8n","twitter_card":"summary_large_image","twitter_creator":"@testuser","schema":{"@context":"https:\/\/schema.org","@graph":[{"@type":"Article","@id":"https:\/\/asmiq.io\/kurzes-keyword-fokussiertes-url-handle-21\/#article","isPartOf":{"@id":"https:\/\/asmiq.io\/kurzes-keyword-fokussiertes-url-handle-21\/"},"author":{"name":"n8n","@id":"https:\/\/asmiq.io\/#\/schema\/person\/aaee119f880dbaf5edb1a2a5e95d9604"},"headline":"7 Gr\u00fcnde warum Fachverlage ihr Abo-Management jetzt modernisieren m\u00fcssen","datePublished":"2026-04-29T12:02:23+00:00","dateModified":"2026-04-29T12:03:47+00:00","mainEntityOfPage":{"@id":"https:\/\/asmiq.io\/kurzes-keyword-fokussiertes-url-handle-21\/"},"wordCount":341,"commentCount":0,"publisher":{"@id":"https:\/\/asmiq.io\/#organization"},"image":{"@id":"https:\/\/asmiq.io\/kurzes-keyword-fokussiertes-url-handle-21\/#primaryimage"},"thumbnailUrl":"https:\/\/asmiq.io\/wp-content\/uploads\/2026\/04\/7_Grunde_warum_Fachverlage_ihr_Abo-Management_jetzt_modernisieren_mussen.png","articleSection":["News"],"inLanguage":"es","potentialAction":[{"@type":"CommentAction","name":"Comment","target":["https:\/\/asmiq.io\/kurzes-keyword-fokussiertes-url-handle-21\/#respond"]}]},{"@type":"WebPage","@id":"https:\/\/asmiq.io\/kurzes-keyword-fokussiertes-url-handle-21\/","url":"https:\/\/asmiq.io\/kurzes-keyword-fokussiertes-url-handle-21\/","name":"Editores especializados en gesti\u00f3n de suscripciones: 7 razones para modernizarse","isPartOf":{"@id":"https:\/\/asmiq.io\/#website"},"primaryImageOfPage":{"@id":"https:\/\/asmiq.io\/kurzes-keyword-fokussiertes-url-handle-21\/#primaryimage"},"image":{"@id":"https:\/\/asmiq.io\/kurzes-keyword-fokussiertes-url-handle-21\/#primaryimage"},"thumbnailUrl":"https:\/\/asmiq.io\/wp-content\/uploads\/2026\/04\/7_Grunde_warum_Fachverlage_ihr_Abo-Management_jetzt_modernisieren_mussen.png","datePublished":"2026-04-29T12:02:23+00:00","dateModified":"2026-04-29T12:03:47+00:00","description":"Por qu\u00e9 los editores especializados en gesti\u00f3n de suscripciones deben modernizarse: Analizar los retos, la automatizaci\u00f3n y el compromiso de los lectores para obtener ingresos sostenibles.","breadcrumb":{"@id":"https:\/\/asmiq.io\/kurzes-keyword-fokussiertes-url-handle-21\/#breadcrumb"},"inLanguage":"es","potentialAction":[{"@type":"ReadAction","target":["https:\/\/asmiq.io\/kurzes-keyword-fokussiertes-url-handle-21\/"]}]},{"@type":"ImageObject","inLanguage":"es","@id":"https:\/\/asmiq.io\/kurzes-keyword-fokussiertes-url-handle-21\/#primaryimage","url":"https:\/\/asmiq.io\/wp-content\/uploads\/2026\/04\/7_Grunde_warum_Fachverlage_ihr_Abo-Management_jetzt_modernisieren_mussen.png","contentUrl":"https:\/\/asmiq.io\/wp-content\/uploads\/2026\/04\/7_Grunde_warum_Fachverlage_ihr_Abo-Management_jetzt_modernisieren_mussen.png","width":1024,"height":576},{"@type":"BreadcrumbList","@id":"https:\/\/asmiq.io\/kurzes-keyword-fokussiertes-url-handle-21\/#breadcrumb","itemListElement":[{"@type":"ListItem","position":1,"name":"Startseite","item":"https:\/\/asmiq.io\/"},{"@type":"ListItem","position":2,"name":"7 Gr\u00fcnde warum Fachverlage ihr Abo-Management jetzt modernisieren m\u00fcssen"}]},{"@type":"WebSite","@id":"https:\/\/asmiq.io\/#website","url":"https:\/\/asmiq.io\/","name":"E\/S ASMIQ","description":"","publisher":{"@id":"https:\/\/asmiq.io\/#organization"},"potentialAction":[{"@type":"SearchAction","target":{"@type":"EntryPoint","urlTemplate":"https:\/\/asmiq.io\/?s={search_term_string}"},"query-input":{"@type":"PropertyValueSpecification","valueRequired":true,"valueName":"search_term_string"}}],"inLanguage":"es"},{"@type":"Organization","@id":"https:\/\/asmiq.io\/#organization","name":"E\/S ASMIQ","url":"https:\/\/asmiq.io\/","logo":{"@type":"ImageObject","inLanguage":"es","@id":"https:\/\/asmiq.io\/#\/schema\/logo\/image\/","url":"https:\/\/asmiq.io\/wp-content\/uploads\/2024\/09\/asmiq_logo_text.svg","contentUrl":"https:\/\/asmiq.io\/wp-content\/uploads\/2024\/09\/asmiq_logo_text.svg","width":942,"height":1225,"caption":"ASMIQ I\/O"},"image":{"@id":"https:\/\/asmiq.io\/#\/schema\/logo\/image\/"},"sameAs":["https:\/\/www.linkedin.com\/company\/asmiq-io\/posts\/?feedView=all"]},{"@type":"Person","@id":"https:\/\/asmiq.io\/#\/schema\/person\/aaee119f880dbaf5edb1a2a5e95d9604","name":"n8n","image":{"@type":"ImageObject","inLanguage":"es","@id":"https:\/\/asmiq.io\/#\/schema\/person\/image\/","url":"https:\/\/secure.gravatar.com\/avatar\/73620ab7215a54b074cc226514e02ed65cb79211bbaee1eb49b63b57e58aaad6?s=96&d=mm&r=g","contentUrl":"https:\/\/secure.gravatar.com\/avatar\/73620ab7215a54b074cc226514e02ed65cb79211bbaee1eb49b63b57e58aaad6?s=96&d=mm&r=g","caption":"n8n"},"sameAs":["https:\/\/x.com\/testuser"]}]}},"_links":{"self":[{"href":"https:\/\/asmiq.io\/es\/wp-json\/wp\/v2\/posts\/3205","targetHints":{"allow":["GET"]}}],"collection":[{"href":"https:\/\/asmiq.io\/es\/wp-json\/wp\/v2\/posts"}],"about":[{"href":"https:\/\/asmiq.io\/es\/wp-json\/wp\/v2\/types\/post"}],"author":[{"embeddable":true,"href":"https:\/\/asmiq.io\/es\/wp-json\/wp\/v2\/users\/5"}],"replies":[{"embeddable":true,"href":"https:\/\/asmiq.io\/es\/wp-json\/wp\/v2\/comments?post=3205"}],"version-history":[{"count":1,"href":"https:\/\/asmiq.io\/es\/wp-json\/wp\/v2\/posts\/3205\/revisions"}],"predecessor-version":[{"id":3206,"href":"https:\/\/asmiq.io\/es\/wp-json\/wp\/v2\/posts\/3205\/revisions\/3206"}],"wp:featuredmedia":[{"embeddable":true,"href":"https:\/\/asmiq.io\/es\/wp-json\/wp\/v2\/media\/3204"}],"wp:attachment":[{"href":"https:\/\/asmiq.io\/es\/wp-json\/wp\/v2\/media?parent=3205"}],"wp:term":[{"taxonomy":"category","embeddable":true,"href":"https:\/\/asmiq.io\/es\/wp-json\/wp\/v2\/categories?post=3205"},{"taxonomy":"post_tag","embeddable":true,"href":"https:\/\/asmiq.io\/es\/wp-json\/wp\/v2\/tags?post=3205"}],"curies":[{"name":"wp","href":"https:\/\/api.w.org\/{rel}","templated":true}]}}